{"id":3547,"date":"2023-04-24T10:02:50","date_gmt":"2023-04-24T08:02:50","guid":{"rendered":"https:\/\/pi99hcbstus.preview.infomaniak.website\/?p=3547"},"modified":"2023-05-02T10:03:13","modified_gmt":"2023-05-02T08:03:13","slug":"der-perdrix-blanche-von-chambleau","status":"publish","type":"post","link":"https:\/\/chambleau.ch\/de\/der-perdrix-blanche-von-chambleau\/","title":{"rendered":"Der Perdrix Blanche von Chambleau"},"content":{"rendered":"<p>Der Perdrix Blanche ist der kleine Bruder des Oeil-de-Perdrix. Er wird aus Pinot Noir (rote Traube mit wei\u00dfem Saft) hergestellt. Die Weinlese wird in runden Trauben in die Presse gef\u00fcllt. Nur der Saft der ersten Pressung wird f\u00fcr die Herstellung des Perdrix Blanche verwendet, um den Kontakt zwischen dem Saft und den Schalen der Trauben, die die roten Farbpigmente enthalten, weitestgehend zu vermeiden. So erh\u00e4lt man einen klaren Saft mit blassgelben Nuancen. Perdrix Blanche wird als Weisswein betrachtet und war fr\u00fcher unter der Bezeichnung &#8222;Blanc de Noir&#8220; bekannt.<\/p>\n<p>Der Perdrix Blanche ist ein trockener und lebhafter Gastronomiewein mit einem Bouquet von Knospen schwarzer Johannisbeeren, Birnen und Walderdbeeren. Im Abgang verleiht eine klare Zitronens\u00e4ure diesem rassigen Wein Frische und Dynamik. Er passt besonders gut zu Seefisch und Meeresfr\u00fcchten.<\/p>\n<p>Unser Perdrix Blanche wurde von Hand gelesen und biologisch gepflegt wie alle Weine unserer Domaine.<\/p>\n","protected":false},"excerpt":{"rendered":"<p>Der Perdrix Blanche ist der kleine Bruder des Oeil-de-Perdrix. Er wird aus Pinot Noir (rote Traube mit wei\u00dfem Saft) hergestellt. Die Weinlese wird in runden Trauben in die Presse gef\u00fcllt. Nur der Saft der ersten Pressung wird f\u00fcr die Herstellung des Perdrix Blanche verwendet, um den Kontakt zwischen dem Saft und den Schalen der Trauben, [&hellip;]<\/p>\n","protected":false},"author":3,"featured_media":3548,"comment_status":"open","ping_status":"open","sticky":false,"template":"","format":"standard","meta":{"_acf_changed":false,"_jetpack_memberships_contains_paid_content":false,"footnotes":""},"categories":[36],"tags":[],"class_list":["post-3547","post","type-post","status-publish","format-standard","has-post-thumbnail","hentry","category-colombier-de"],"acf":[],"yoast_head":"<!-- This site is optimized with the Yoast SEO plugin v27.5 - https:\/\/yoast.com\/product\/yoast-seo-wordpress\/ -->\n<title>Der Perdrix Blanche von Chambleau | Domaine de Chambleau<\/title>\n<meta name=\"robots\" content=\"index, follow, max-snippet:-1, max-image-preview:large, max-video-preview:-1\" \/>\n<link rel=\"canonical\" href=\"https:\/\/chambleau.ch\/de\/der-perdrix-blanche-von-chambleau\/\" \/>\n<meta property=\"og:locale\" content=\"de_DE\" \/>\n<meta property=\"og:type\" content=\"article\" \/>\n<meta property=\"og:title\" content=\"Der Perdrix Blanche von Chambleau | Domaine de Chambleau\" \/>\n<meta property=\"og:description\" content=\"Der Perdrix Blanche ist der kleine Bruder des Oeil-de-Perdrix. Er wird aus Pinot Noir (rote Traube mit wei\u00dfem Saft) hergestellt. Die Weinlese wird in runden Trauben in die Presse gef\u00fcllt. Nur der Saft der ersten Pressung wird f\u00fcr die Herstellung des Perdrix Blanche verwendet, um den Kontakt zwischen dem Saft und den Schalen der Trauben, [&hellip;]\" \/>\n<meta property=\"og:url\" content=\"https:\/\/chambleau.ch\/de\/der-perdrix-blanche-von-chambleau\/\" \/>\n<meta property=\"og:site_name\" content=\"Domaine de Chambleau\" \/>\n<meta property=\"article:publisher\" content=\"https:\/\/www.facebook.com\/chambleau\/\" \/>\n<meta property=\"article:published_time\" content=\"2023-04-24T08:02:50+00:00\" \/>\n<meta property=\"article:modified_time\" content=\"2023-05-02T08:03:13+00:00\" \/>\n<meta property=\"og:image\" content=\"https:\/\/chambleau.ch\/wp-content\/uploads\/2023\/05\/Pedrix-blanche-2.jpg\" \/>\n\t<meta property=\"og:image:width\" content=\"1921\" \/>\n\t<meta property=\"og:image:height\" content=\"1276\" \/>\n\t<meta property=\"og:image:type\" content=\"image\/jpeg\" \/>\n<meta name=\"author\" content=\"Charlotte Burgat\" \/>\n<meta name=\"twitter:card\" content=\"summary_large_image\" \/>\n<meta name=\"twitter:label1\" content=\"Verfasst von\" \/>\n\t<meta name=\"twitter:data1\" content=\"Charlotte Burgat\" \/>\n\t<meta name=\"twitter:label2\" content=\"Gesch\u00e4tzte Lesezeit\" \/>\n\t<meta name=\"twitter:data2\" content=\"1\u00a0Minute\" \/>\n<script type=\"application\/ld+json\" class=\"yoast-schema-graph\">{\"@context\":\"https:\\\/\\\/schema.org\",\"@graph\":[{\"@type\":\"Article\",\"@id\":\"https:\\\/\\\/chambleau.ch\\\/de\\\/der-perdrix-blanche-von-chambleau\\\/#article\",\"isPartOf\":{\"@id\":\"https:\\\/\\\/chambleau.ch\\\/de\\\/der-perdrix-blanche-von-chambleau\\\/\"},\"author\":{\"name\":\"Charlotte Burgat\",\"@id\":\"https:\\\/\\\/chambleau.ch\\\/de\\\/#\\\/schema\\\/person\\\/9c430a7722b271c907d1621cab07965e\"},\"headline\":\"Der Perdrix Blanche von Chambleau\",\"datePublished\":\"2023-04-24T08:02:50+00:00\",\"dateModified\":\"2023-05-02T08:03:13+00:00\",\"mainEntityOfPage\":{\"@id\":\"https:\\\/\\\/chambleau.ch\\\/de\\\/der-perdrix-blanche-von-chambleau\\\/\"},\"wordCount\":154,\"commentCount\":0,\"image\":{\"@id\":\"https:\\\/\\\/chambleau.ch\\\/de\\\/der-perdrix-blanche-von-chambleau\\\/#primaryimage\"},\"thumbnailUrl\":\"https:\\\/\\\/chambleau.ch\\\/wp-content\\\/uploads\\\/2023\\\/05\\\/Pedrix-blanche-2.jpg\",\"articleSection\":[\"Colombier\"],\"inLanguage\":\"de\",\"potentialAction\":[{\"@type\":\"CommentAction\",\"name\":\"Comment\",\"target\":[\"https:\\\/\\\/chambleau.ch\\\/de\\\/der-perdrix-blanche-von-chambleau\\\/#respond\"]}]},{\"@type\":\"WebPage\",\"@id\":\"https:\\\/\\\/chambleau.ch\\\/de\\\/der-perdrix-blanche-von-chambleau\\\/\",\"url\":\"https:\\\/\\\/chambleau.ch\\\/de\\\/der-perdrix-blanche-von-chambleau\\\/\",\"name\":\"Der Perdrix Blanche von Chambleau | Domaine de Chambleau\",\"isPartOf\":{\"@id\":\"https:\\\/\\\/chambleau.ch\\\/de\\\/#website\"},\"primaryImageOfPage\":{\"@id\":\"https:\\\/\\\/chambleau.ch\\\/de\\\/der-perdrix-blanche-von-chambleau\\\/#primaryimage\"},\"image\":{\"@id\":\"https:\\\/\\\/chambleau.ch\\\/de\\\/der-perdrix-blanche-von-chambleau\\\/#primaryimage\"},\"thumbnailUrl\":\"https:\\\/\\\/chambleau.ch\\\/wp-content\\\/uploads\\\/2023\\\/05\\\/Pedrix-blanche-2.jpg\",\"datePublished\":\"2023-04-24T08:02:50+00:00\",\"dateModified\":\"2023-05-02T08:03:13+00:00\",\"author\":{\"@id\":\"https:\\\/\\\/chambleau.ch\\\/de\\\/#\\\/schema\\\/person\\\/9c430a7722b271c907d1621cab07965e\"},\"breadcrumb\":{\"@id\":\"https:\\\/\\\/chambleau.ch\\\/de\\\/der-perdrix-blanche-von-chambleau\\\/#breadcrumb\"},\"inLanguage\":\"de\",\"potentialAction\":[{\"@type\":\"ReadAction\",\"target\":[\"https:\\\/\\\/chambleau.ch\\\/de\\\/der-perdrix-blanche-von-chambleau\\\/\"]}]},{\"@type\":\"ImageObject\",\"inLanguage\":\"de\",\"@id\":\"https:\\\/\\\/chambleau.ch\\\/de\\\/der-perdrix-blanche-von-chambleau\\\/#primaryimage\",\"url\":\"https:\\\/\\\/chambleau.ch\\\/wp-content\\\/uploads\\\/2023\\\/05\\\/Pedrix-blanche-2.jpg\",\"contentUrl\":\"https:\\\/\\\/chambleau.ch\\\/wp-content\\\/uploads\\\/2023\\\/05\\\/Pedrix-blanche-2.jpg\",\"width\":1921,\"height\":1276},{\"@type\":\"BreadcrumbList\",\"@id\":\"https:\\\/\\\/chambleau.ch\\\/de\\\/der-perdrix-blanche-von-chambleau\\\/#breadcrumb\",\"itemListElement\":[{\"@type\":\"ListItem\",\"position\":1,\"name\":\"Accueil\",\"item\":\"https:\\\/\\\/chambleau.ch\\\/de\\\/\"},{\"@type\":\"ListItem\",\"position\":2,\"name\":\"Der Perdrix Blanche von Chambleau\"}]},{\"@type\":\"WebSite\",\"@id\":\"https:\\\/\\\/chambleau.ch\\\/de\\\/#website\",\"url\":\"https:\\\/\\\/chambleau.ch\\\/de\\\/\",\"name\":\"Domaine de Chambleau\",\"description\":\"\",\"potentialAction\":[{\"@type\":\"SearchAction\",\"target\":{\"@type\":\"EntryPoint\",\"urlTemplate\":\"https:\\\/\\\/chambleau.ch\\\/de\\\/?s={search_term_string}\"},\"query-input\":{\"@type\":\"PropertyValueSpecification\",\"valueRequired\":true,\"valueName\":\"search_term_string\"}}],\"inLanguage\":\"de\"},{\"@type\":\"Person\",\"@id\":\"https:\\\/\\\/chambleau.ch\\\/de\\\/#\\\/schema\\\/person\\\/9c430a7722b271c907d1621cab07965e\",\"name\":\"Charlotte Burgat\",\"image\":{\"@type\":\"ImageObject\",\"inLanguage\":\"de\",\"@id\":\"https:\\\/\\\/secure.gravatar.com\\\/avatar\\\/bdff5775d295b1e60b9d33e647110b55ffb345b6392dccb0324ad04a482458e2?s=96&d=mm&r=g\",\"url\":\"https:\\\/\\\/secure.gravatar.com\\\/avatar\\\/bdff5775d295b1e60b9d33e647110b55ffb345b6392dccb0324ad04a482458e2?s=96&d=mm&r=g\",\"contentUrl\":\"https:\\\/\\\/secure.gravatar.com\\\/avatar\\\/bdff5775d295b1e60b9d33e647110b55ffb345b6392dccb0324ad04a482458e2?s=96&d=mm&r=g\",\"caption\":\"Charlotte Burgat\"}}]}<\/script>\n<!-- \/ Yoast SEO plugin. -->","yoast_head_json":{"title":"Der Perdrix Blanche von Chambleau | Domaine de Chambleau","robots":{"index":"index","follow":"follow","max-snippet":"max-snippet:-1","max-image-preview":"max-image-preview:large","max-video-preview":"max-video-preview:-1"},"canonical":"https:\/\/chambleau.ch\/de\/der-perdrix-blanche-von-chambleau\/","og_locale":"de_DE","og_type":"article","og_title":"Der Perdrix Blanche von Chambleau | Domaine de Chambleau","og_description":"Der Perdrix Blanche ist der kleine Bruder des Oeil-de-Perdrix. Er wird aus Pinot Noir (rote Traube mit wei\u00dfem Saft) hergestellt. Die Weinlese wird in runden Trauben in die Presse gef\u00fcllt. Nur der Saft der ersten Pressung wird f\u00fcr die Herstellung des Perdrix Blanche verwendet, um den Kontakt zwischen dem Saft und den Schalen der Trauben, [&hellip;]","og_url":"https:\/\/chambleau.ch\/de\/der-perdrix-blanche-von-chambleau\/","og_site_name":"Domaine de Chambleau","article_publisher":"https:\/\/www.facebook.com\/chambleau\/","article_published_time":"2023-04-24T08:02:50+00:00","article_modified_time":"2023-05-02T08:03:13+00:00","og_image":[{"width":1921,"height":1276,"url":"https:\/\/chambleau.ch\/wp-content\/uploads\/2023\/05\/Pedrix-blanche-2.jpg","type":"image\/jpeg"}],"author":"Charlotte Burgat","twitter_card":"summary_large_image","twitter_misc":{"Verfasst von":"Charlotte Burgat","Gesch\u00e4tzte Lesezeit":"1\u00a0Minute"},"schema":{"@context":"https:\/\/schema.org","@graph":[{"@type":"Article","@id":"https:\/\/chambleau.ch\/de\/der-perdrix-blanche-von-chambleau\/#article","isPartOf":{"@id":"https:\/\/chambleau.ch\/de\/der-perdrix-blanche-von-chambleau\/"},"author":{"name":"Charlotte Burgat","@id":"https:\/\/chambleau.ch\/de\/#\/schema\/person\/9c430a7722b271c907d1621cab07965e"},"headline":"Der Perdrix Blanche von Chambleau","datePublished":"2023-04-24T08:02:50+00:00","dateModified":"2023-05-02T08:03:13+00:00","mainEntityOfPage":{"@id":"https:\/\/chambleau.ch\/de\/der-perdrix-blanche-von-chambleau\/"},"wordCount":154,"commentCount":0,"image":{"@id":"https:\/\/chambleau.ch\/de\/der-perdrix-blanche-von-chambleau\/#primaryimage"},"thumbnailUrl":"https:\/\/chambleau.ch\/wp-content\/uploads\/2023\/05\/Pedrix-blanche-2.jpg","articleSection":["Colombier"],"inLanguage":"de","potentialAction":[{"@type":"CommentAction","name":"Comment","target":["https:\/\/chambleau.ch\/de\/der-perdrix-blanche-von-chambleau\/#respond"]}]},{"@type":"WebPage","@id":"https:\/\/chambleau.ch\/de\/der-perdrix-blanche-von-chambleau\/","url":"https:\/\/chambleau.ch\/de\/der-perdrix-blanche-von-chambleau\/","name":"Der Perdrix Blanche von Chambleau | Domaine de Chambleau","isPartOf":{"@id":"https:\/\/chambleau.ch\/de\/#website"},"primaryImageOfPage":{"@id":"https:\/\/chambleau.ch\/de\/der-perdrix-blanche-von-chambleau\/#primaryimage"},"image":{"@id":"https:\/\/chambleau.ch\/de\/der-perdrix-blanche-von-chambleau\/#primaryimage"},"thumbnailUrl":"https:\/\/chambleau.ch\/wp-content\/uploads\/2023\/05\/Pedrix-blanche-2.jpg","datePublished":"2023-04-24T08:02:50+00:00","dateModified":"2023-05-02T08:03:13+00:00","author":{"@id":"https:\/\/chambleau.ch\/de\/#\/schema\/person\/9c430a7722b271c907d1621cab07965e"},"breadcrumb":{"@id":"https:\/\/chambleau.ch\/de\/der-perdrix-blanche-von-chambleau\/#breadcrumb"},"inLanguage":"de","potentialAction":[{"@type":"ReadAction","target":["https:\/\/chambleau.ch\/de\/der-perdrix-blanche-von-chambleau\/"]}]},{"@type":"ImageObject","inLanguage":"de","@id":"https:\/\/chambleau.ch\/de\/der-perdrix-blanche-von-chambleau\/#primaryimage","url":"https:\/\/chambleau.ch\/wp-content\/uploads\/2023\/05\/Pedrix-blanche-2.jpg","contentUrl":"https:\/\/chambleau.ch\/wp-content\/uploads\/2023\/05\/Pedrix-blanche-2.jpg","width":1921,"height":1276},{"@type":"BreadcrumbList","@id":"https:\/\/chambleau.ch\/de\/der-perdrix-blanche-von-chambleau\/#breadcrumb","itemListElement":[{"@type":"ListItem","position":1,"name":"Accueil","item":"https:\/\/chambleau.ch\/de\/"},{"@type":"ListItem","position":2,"name":"Der Perdrix Blanche von Chambleau"}]},{"@type":"WebSite","@id":"https:\/\/chambleau.ch\/de\/#website","url":"https:\/\/chambleau.ch\/de\/","name":"Domaine de Chambleau","description":"","potentialAction":[{"@type":"SearchAction","target":{"@type":"EntryPoint","urlTemplate":"https:\/\/chambleau.ch\/de\/?s={search_term_string}"},"query-input":{"@type":"PropertyValueSpecification","valueRequired":true,"valueName":"search_term_string"}}],"inLanguage":"de"},{"@type":"Person","@id":"https:\/\/chambleau.ch\/de\/#\/schema\/person\/9c430a7722b271c907d1621cab07965e","name":"Charlotte Burgat","image":{"@type":"ImageObject","inLanguage":"de","@id":"https:\/\/secure.gravatar.com\/avatar\/bdff5775d295b1e60b9d33e647110b55ffb345b6392dccb0324ad04a482458e2?s=96&d=mm&r=g","url":"https:\/\/secure.gravatar.com\/avatar\/bdff5775d295b1e60b9d33e647110b55ffb345b6392dccb0324ad04a482458e2?s=96&d=mm&r=g","contentUrl":"https:\/\/secure.gravatar.com\/avatar\/bdff5775d295b1e60b9d33e647110b55ffb345b6392dccb0324ad04a482458e2?s=96&d=mm&r=g","caption":"Charlotte Burgat"}}]}},"jetpack_featured_media_url":"https:\/\/chambleau.ch\/wp-content\/uploads\/2023\/05\/Pedrix-blanche-2.jpg","jetpack_sharing_enabled":true,"_links":{"self":[{"href":"https:\/\/chambleau.ch\/de\/wp-json\/wp\/v2\/posts\/3547","targetHints":{"allow":["GET"]}}],"collection":[{"href":"https:\/\/chambleau.ch\/de\/wp-json\/wp\/v2\/posts"}],"about":[{"href":"https:\/\/chambleau.ch\/de\/wp-json\/wp\/v2\/types\/post"}],"author":[{"embeddable":true,"href":"https:\/\/chambleau.ch\/de\/wp-json\/wp\/v2\/users\/3"}],"replies":[{"embeddable":true,"href":"https:\/\/chambleau.ch\/de\/wp-json\/wp\/v2\/comments?post=3547"}],"version-history":[{"count":0,"href":"https:\/\/chambleau.ch\/de\/wp-json\/wp\/v2\/posts\/3547\/revisions"}],"wp:featuredmedia":[{"embeddable":true,"href":"https:\/\/chambleau.ch\/de\/wp-json\/wp\/v2\/media\/3548"}],"wp:attachment":[{"href":"https:\/\/chambleau.ch\/de\/wp-json\/wp\/v2\/media?parent=3547"}],"wp:term":[{"taxonomy":"category","embeddable":true,"href":"https:\/\/chambleau.ch\/de\/wp-json\/wp\/v2\/categories?post=3547"},{"taxonomy":"post_tag","embeddable":true,"href":"https:\/\/chambleau.ch\/de\/wp-json\/wp\/v2\/tags?post=3547"}],"curies":[{"name":"wp","href":"https:\/\/api.w.org\/{rel}","templated":true}]}}